{"id":17577,"date":"2022-01-07T11:58:13","date_gmt":"2022-01-07T11:58:13","guid":{"rendered":"https:\/\/www.zazu-kids.com\/sam-lagneau-dormeur-et-montreur-dheure\/"},"modified":"2022-01-07T11:58:13","modified_gmt":"2022-01-07T11:58:13","slug":"sam-lagneau-dormeur-et-montreur-dheure","status":"publish","type":"post","link":"https:\/\/www.zazu-kids.com\/fr\/sam-lagneau-dormeur-et-montreur-dheure\/","title":{"rendered":"SAM L&#8217;AGNEAU &#8211; DORMEUR ET MONTREUR D&#8217;HEURE"},"content":{"rendered":"<p style=\"padding-left: 30px;\">\n<p style=\"padding-left: 30px;\">Par Ester Depret, maman de deux enfants et blogueuse<\/p>\n<h4 style=\"text-align: left; padding-left: 30px;\">&#8220;Dire l&#8217;heure<\/h4>\n<p style=\"padding-left: 30px;\">L&#8217;un des sujets sur lesquels nous nous sommes concentr\u00e9s pendant l&#8217;\u00e9cole maternelle \u00e9tait de lire l&#8217;heure. C&#8217;\u00e9tait sur la liste des choses \u00e0 faire de Jules, mais Alixe semblait aussi y tenir. D\u00e8s qu&#8217;ils ont \u00e9t\u00e9 capables de lire l&#8217;heure, ils ont voulu la contr\u00f4ler aussi. Ainsi, ma fille de cinq ans n&#8217;a pas h\u00e9sit\u00e9 \u00e0 faire remarquer que 12h30, c&#8217;est l&#8217;heure du d\u00e9jeuner. Visiblement, elle a le sens des priorit\u00e9s !&#8221;<br \/>\n<!--more--><\/p>\n<h4 style=\"padding-left: 30px;\">&#8220;R\u00e9veil<\/h4>\n<p>Jules a commenc\u00e9 \u00e0 s&#8217;int\u00e9resser \u00e0 l&#8217;heure du coucher et du lever. Chaque soir, lorsque nous le bordions et lui faisions un bisou de bonne nuit, il demandait quelle heure il \u00e9tait. Le matin, nous l&#8217;entendions se lever et courir \u00e0 la cuisine (qui se trouve deux \u00e9tages plus bas) pour v\u00e9rifier s&#8217;il \u00e9tait d\u00e9j\u00e0 7 heures. En remontant, il criait l&#8217;heure r\u00e9elle pour que tout le monde l&#8217;entende.<\/p>\n<p>Il sait que j&#8217;ai un r\u00e9veil sur ma table de chevet et, bien s\u00fbr, il en voulait un aussi. Il voulait \u00eatre capable de voir l&#8217;heure d\u00e8s qu&#8217;il se r\u00e9veille.<\/p>\n<p>Nous avons donc r\u00e9alis\u00e9 que le moment \u00e9tait venu de lui offrir une horloge pour sa chambre. Nous avons cherch\u00e9 sur Internet une horloge bien con\u00e7ue et adapt\u00e9e aux enfants et nous avons trouv\u00e9 Sam l&#8217;accompagnateur de sommeil de ZAZU. Mes enfants utilisent Sam depuis quelques semaines maintenant et vous trouverez ci-dessous plus d&#8217;informations sur Sam.&#8221;<\/p>\n<p style=\"padding-left: 30px;\"><a href=\"https:\/\/old.zazu-kids.com\/product\/sleeptrainersam\/\" target=\"_blank\" rel=\"noopener noreferrer\"><img decoding=\"async\" class=\"alignnone wp-image-14206\" title=\"telling time\" src=\"https:\/\/old.zazu-kids.com\/wp-content\/uploads\/2020\/05\/Sam-op-stoel-groen-licht.jpeg\" alt=\"Sam on chair green light\" width=\"783\" height=\"504\" \/><\/a><\/p>\n<h4 style=\"padding-left: 30px;\">&#8220;Qui \/ qu&#8217;est-ce que Sam l&#8217;accompagnateur de sommeil ?<\/h4>\n<p style=\"padding-left: 30px;\">Sam est un r\u00e9veil en forme de mouton. L&#8217;horloge affiche \u00e0 la fois l&#8217;heure analogique et num\u00e9rique. En outre, il indique \u00e0 vos enfants quand il est l&#8217;heure de se lever \u00e0 l&#8217;aide de couleurs (voir image ci-dessous). Vous r\u00e9glez vous-m\u00eame l&#8217;heure du coucher et du r\u00e9veil, et il dispose \u00e9galement d&#8217;un minuteur de sieste qui est parfait pour les siestes ou un moment de repos dans la journ\u00e9e.&#8221;<\/p>\n<p style=\"padding-left: 30px;\">\n<p style=\"padding-left: 30px;\"><a href=\"https:\/\/old.zazu-kids.com\/product\/sleeptrainersam\/\" target=\"_blank\" rel=\"noopener noreferrer\"><img decoding=\"async\" class=\"alignnone wp-image-14210\" title=\"telling time\" src=\"https:\/\/old.zazu-kids.com\/wp-content\/uploads\/2020\/05\/SAM_Blue_2_Phases-LR.jpg\" alt=\"Sam blue phases\" width=\"756\" height=\"756\" \/><\/a><\/p>\n<p style=\"padding-left: 30px;\">\n<h4 style=\"padding-left: 30px;\">&#8220;Vos enfants (5 et 6 ans) ont-ils eu besoin d&#8217;un accompagnateur de sommeil ?<\/h4>\n<p>Non, ils n&#8217;en ont pas eu besoin. Il se trouve qu&#8217;ils ont une assez bonne routine de sommeil. Au d\u00e9part, je cherchais un joli r\u00e9veil pour enfants qui pourrait aider \u00e0 lire l&#8217;heure, mais c&#8217;est en fait un grand avantage que l&#8217;\u00e9cran s&#8217;illumine de diff\u00e9rentes couleurs et que le mouton ferme les yeux quand il est temps de dormir &#8211; personne ne veut se lever au milieu de la nuit pour expliquer \u00e0 son jeune enfant qu&#8217;il est 5 heures du matin, que tout le monde dort et que Bumba (son \u00e9mission de t\u00e9l\u00e9vision pr\u00e9f\u00e9r\u00e9e) n&#8217;a pas encore commenc\u00e9 !<\/p>\n<p>Je pense que cela montre que Sam convient aux enfants \u00e0 diff\u00e9rents stades. Un enfant plus jeune profiterait davantage des couleurs de Sam, tandis qu&#8217;un enfant plus \u00e2g\u00e9 pourrait utiliser Sam pour apprendre \u00e0 lire l&#8217;heure.<\/p>\n<h4 style=\"padding-left: 30px;\">&#8221; Y a-t-il des avantages \u00e0 utiliser Sam pour un enfant plus \u00e2g\u00e9 ?<\/h4>\n<p style=\"padding-left: 30px;\">Lorsque vos enfants vont \u00e0 l&#8217;\u00e9cole, il est tr\u00e8s pratique pour eux d&#8217;avoir leur propre r\u00e9veil. L&#8217;un des sons d&#8217;alarme de Sam est un mouton qui b\u00eale. Si cela ne les r\u00e9veille pas, rien ne le fera ! Mais Sam est aussi tr\u00e8s utile \u00e0 l&#8217;heure du coucher. Nos enfants partagent une chambre et se couchent vers 19h30. Lorsqu&#8217;ils ont eu une journ\u00e9e bien remplie, je sais qu&#8217;ils veulent se raconter des histoires et parler de ce que sera le lendemain, alors nous fixons l&#8217;heure du coucher de Sam \u00e0 20 heures, c&#8217;est-\u00e0-dire lorsque l&#8217;horloge devient rouge et que ses yeux se ferment. Cela leur indique clairement qu&#8217;il est maintenant vraiment temps de dormir !&#8221;<\/p>\n<p style=\"padding-left: 30px;\"><a href=\"https:\/\/www.youtube.com\/watch?v=_QK3kpRJFRo&amp;t=1s\" target=\"_blank\" rel=\"noopener noreferrer\"><img decoding=\"async\" class=\"alignnone wp-image-14207\" title=\"telling time\" src=\"https:\/\/old.zazu-kids.com\/wp-content\/uploads\/2020\/05\/Sam-op-nachtkastje.jpeg\" alt=\"Sam bedside table\" width=\"755\" height=\"504\" \/><\/a><\/p>\n<p style=\"padding-left: 30px;\">\u00c9crit par Ester Depret. Maman de deux enfants et blogueuse chez <span style=\"color: #3366ff;\"><a style=\"color: #3366ff;\" href=\"https:\/\/esterdepret.be\/\" target=\"_blank\" rel=\"noopener noreferrer\">Ester Depret<\/a><\/span><\/p>\n<p style=\"padding-left: 30px;\">\nClause de non-responsabilit\u00e9 : toutes les pens\u00e9es et opinions sont les miennes et ne sont pas influenc\u00e9es par ZAZU Kids.<\/p>\n","protected":false},"excerpt":{"rendered":"<p>Par Ester Depret, maman de deux enfants et blogueuse &#8220;Dire l&#8217;heure L&#8217;un des sujets sur lesquels nous nous sommes concentr\u00e9s pendant l&#8217;\u00e9cole maternelle \u00e9tait de lire l&#8217;heure. C&#8217;\u00e9tait sur la [&hellip;]<\/p>\n","protected":false},"author":1,"featured_media":0,"comment_status":"closed","ping_status":"closed","sticky":false,"template":"","format":"standard","meta":{"_acf_changed":false,"inline_featured_image":false,"footnotes":""},"categories":[412],"tags":[],"class_list":["post-17577","post","type-post","status-publish","format-standard","hentry","category-blog"],"acf":[],"_links":{"self":[{"href":"https:\/\/www.zazu-kids.com\/fr\/wp-json\/wp\/v2\/posts\/17577","targetHints":{"allow":["GET"]}}],"collection":[{"href":"https:\/\/www.zazu-kids.com\/fr\/wp-json\/wp\/v2\/posts"}],"about":[{"href":"https:\/\/www.zazu-kids.com\/fr\/wp-json\/wp\/v2\/types\/post"}],"author":[{"embeddable":true,"href":"https:\/\/www.zazu-kids.com\/fr\/wp-json\/wp\/v2\/users\/1"}],"replies":[{"embeddable":true,"href":"https:\/\/www.zazu-kids.com\/fr\/wp-json\/wp\/v2\/comments?post=17577"}],"version-history":[{"count":0,"href":"https:\/\/www.zazu-kids.com\/fr\/wp-json\/wp\/v2\/posts\/17577\/revisions"}],"wp:attachment":[{"href":"https:\/\/www.zazu-kids.com\/fr\/wp-json\/wp\/v2\/media?parent=17577"}],"wp:term":[{"taxonomy":"category","embeddable":true,"href":"https:\/\/www.zazu-kids.com\/fr\/wp-json\/wp\/v2\/categories?post=17577"},{"taxonomy":"post_tag","embeddable":true,"href":"https:\/\/www.zazu-kids.com\/fr\/wp-json\/wp\/v2\/tags?post=17577"}],"curies":[{"name":"wp","href":"https:\/\/api.w.org\/{rel}","templated":true}]}}